{"id":165,"date":"2021-01-01T16:02:44","date_gmt":"2021-01-01T16:02:44","guid":{"rendered":"http:\/\/tanzwerkstatt-weimar.de\/wordpress2_0\/?p=165"},"modified":"2023-08-30T06:55:06","modified_gmt":"2023-08-30T05:55:06","slug":"neue-kurse-im-modernen-tanz-ab-6-januar","status":"publish","type":"post","link":"https:\/\/tanzwerkstatt-weimar.de\/?p=165","title":{"rendered":"Tanzlehrer\/in gesucht!"},"content":{"rendered":"<p>Zur Verst\u00e4rkung unseres Teams suchen wir:<\/p>\n<p><!--more--><\/p>\n<p>&nbsp;<\/p>\n<p><b>Tanzlehrer\/innen&nbsp;<\/b><b>(<\/b><b>m\/w\/d) <\/b><b>&#8211; <\/b><b>Teilzeit&nbsp;<\/b><\/p>\n<p>Bereiche:&nbsp; <strong>Kindertanz, Kinderballett, Ballett, Hip Hop, Paartanz Standard &amp; Latein&nbsp; <br \/>\n<\/strong><\/p>\n<p>Du verf\u00fcgst \u00fcber entsprechende Kenntnisse und Erfahrungen in einem (oder mehreren) dieser Tanzstile sowie im p\u00e4dagogischen Bereich? Dann bewirb dich bei uns! Schick deine Bewerbungsunterlagen (Lebenslauf, Foto oder kurzes Video) bitte an: <a href=\"mailto:info@tanzwerkstatt-weimar.de\">info@tanzwerkstatt-weimar.de<\/a><\/p>\n<p>Wir freuen uns auf dich!<\/p>\n<p>Das Team der&nbsp; TANZWERKSTATT<\/p>\n","protected":false},"excerpt":{"rendered":"<p>Zur Verst\u00e4rkung unseres Teams suchen wir:<\/p>\n","protected":false},"author":1,"featured_media":2130,"comment_status":"open","ping_status":"open","sticky":false,"template":"","format":"standard","meta":{"ngg_post_thumbnail":0,"footnotes":""},"categories":[1],"tags":[],"_links":{"self":[{"href":"https:\/\/tanzwerkstatt-weimar.de\/index.php?rest_route=\/wp\/v2\/posts\/165"}],"collection":[{"href":"https:\/\/tanzwerkstatt-weimar.de\/index.php?rest_route=\/wp\/v2\/posts"}],"about":[{"href":"https:\/\/tanzwerkstatt-weimar.de\/index.php?rest_route=\/wp\/v2\/types\/post"}],"author":[{"embeddable":true,"href":"https:\/\/tanzwerkstatt-weimar.de\/index.php?rest_route=\/wp\/v2\/users\/1"}],"replies":[{"embeddable":true,"href":"https:\/\/tanzwerkstatt-weimar.de\/index.php?rest_route=%2Fwp%2Fv2%2Fcomments&post=165"}],"version-history":[{"count":73,"href":"https:\/\/tanzwerkstatt-weimar.de\/index.php?rest_route=\/wp\/v2\/posts\/165\/revisions"}],"predecessor-version":[{"id":21374,"href":"https:\/\/tanzwerkstatt-weimar.de\/index.php?rest_route=\/wp\/v2\/posts\/165\/revisions\/21374"}],"wp:featuredmedia":[{"embeddable":true,"href":"https:\/\/tanzwerkstatt-weimar.de\/index.php?rest_route=\/wp\/v2\/media\/2130"}],"wp:attachment":[{"href":"https:\/\/tanzwerkstatt-weimar.de\/index.php?rest_route=%2Fwp%2Fv2%2Fmedia&parent=165"}],"wp:term":[{"taxonomy":"category","embeddable":true,"href":"https:\/\/tanzwerkstatt-weimar.de\/index.php?rest_route=%2Fwp%2Fv2%2Fcategories&post=165"},{"taxonomy":"post_tag","embeddable":true,"href":"https:\/\/tanzwerkstatt-weimar.de\/index.php?rest_route=%2Fwp%2Fv2%2Ftags&post=165"}],"curies":[{"name":"wp","href":"https:\/\/api.w.org\/{rel}","templated":true}]}}